{"id":4280,"date":"2023-07-27T09:28:29","date_gmt":"2023-07-27T12:28:29","guid":{"rendered":"https:\/\/santuariodeumbanda.com.br\/site\/?p=4280"},"modified":"2023-07-27T09:29:47","modified_gmt":"2023-07-27T12:29:47","slug":"cpb-e-santuario-no-sptv-1a-edicao-2","status":"publish","type":"post","link":"https:\/\/santuariodeumbanda.com.br\/site\/2023\/07\/27\/cpb-e-santuario-no-sptv-1a-edicao-2\/","title":{"rendered":"CPB e Santu\u00e1rio no SPTV 1\u00aa Edi\u00e7\u00e3o"},"content":{"rendered":"<p>Em comemora\u00e7\u00e3o ao 40\u00ba anivers\u00e1rio, o SPTV 1\u00aa Edi\u00e7\u00e3o &#8211; da Rede Globo de Televis\u00e3o, est\u00e1 fazendo uma reportagem sobre diversidade religiosa em S\u00e3o Paulo.<\/p>\n<p>A rep\u00f3rter Mariana Aldano e sua equipe estiveram na Casa de Pai Benedito de Aruanda e no Santu\u00e1rio Nacional da Umbanda captando bel\u00edssimas imagens e entrevistando Bab\u00e1 Dirce e Pai Ronaldo.<br \/>\nCompartilhem com seus filhos de f\u00e9 e amigos.<\/p>\n<p>A mat\u00e9ria foi exibida em 07\/jul\/2023 &#8211; \u00e0s 11h 45min<\/p>\n","protected":false},"excerpt":{"rendered":"<p>Em comemora\u00e7\u00e3o ao 40\u00ba anivers\u00e1rio, o SPTV 1\u00aa Edi\u00e7\u00e3o &#8211; da Rede Globo de Televis\u00e3o, est\u00e1 fazendo uma reportagem sobre diversidade religiosa em S\u00e3o Paulo. A rep\u00f3rter Mariana Aldano e sua equipe estiveram na Casa de Pai Benedito de Aruanda e no Santu\u00e1rio Nacional da Umbanda captando bel\u00edssimas imagens e entrevistando Bab\u00e1 Dirce e Pai [&hellip;]<\/p>\n","protected":false},"author":6,"featured_media":4281,"comment_status":"open","ping_status":"open","sticky":false,"template":"","format":"standard","meta":{"footnotes":""},"categories":[96],"tags":[485,499,458,487,486,431,484,483],"_links":{"self":[{"href":"https:\/\/santuariodeumbanda.com.br\/site\/wp-json\/wp\/v2\/posts\/4280"}],"collection":[{"href":"https:\/\/santuariodeumbanda.com.br\/site\/wp-json\/wp\/v2\/posts"}],"about":[{"href":"https:\/\/santuariodeumbanda.com.br\/site\/wp-json\/wp\/v2\/types\/post"}],"author":[{"embeddable":true,"href":"https:\/\/santuariodeumbanda.com.br\/site\/wp-json\/wp\/v2\/users\/6"}],"replies":[{"embeddable":true,"href":"https:\/\/santuariodeumbanda.com.br\/site\/wp-json\/wp\/v2\/comments?post=4280"}],"version-history":[{"count":1,"href":"https:\/\/santuariodeumbanda.com.br\/site\/wp-json\/wp\/v2\/posts\/4280\/revisions"}],"predecessor-version":[{"id":4282,"href":"https:\/\/santuariodeumbanda.com.br\/site\/wp-json\/wp\/v2\/posts\/4280\/revisions\/4282"}],"wp:featuredmedia":[{"embeddable":true,"href":"https:\/\/santuariodeumbanda.com.br\/site\/wp-json\/wp\/v2\/media\/4281"}],"wp:attachment":[{"href":"https:\/\/santuariodeumbanda.com.br\/site\/wp-json\/wp\/v2\/media?parent=4280"}],"wp:term":[{"taxonomy":"category","embeddable":true,"href":"https:\/\/santuariodeumbanda.com.br\/site\/wp-json\/wp\/v2\/categories?post=4280"},{"taxonomy":"post_tag","embeddable":true,"href":"https:\/\/santuariodeumbanda.com.br\/site\/wp-json\/wp\/v2\/tags?post=4280"}],"curies":[{"name":"wp","href":"https:\/\/api.w.org\/{rel}","templated":true}]}}