{"id":4563,"date":"2024-04-19T12:57:50","date_gmt":"2024-04-19T15:57:50","guid":{"rendered":"https:\/\/santuariodeumbanda.com.br\/site\/?p=4563"},"modified":"2024-04-19T12:57:50","modified_gmt":"2024-04-19T15:57:50","slug":"%f0%9f%8c%bfdia-dos-povos-indigenas%f0%9f%8c%bf","status":"publish","type":"post","link":"https:\/\/santuariodeumbanda.com.br\/site\/2024\/04\/19\/%f0%9f%8c%bfdia-dos-povos-indigenas%f0%9f%8c%bf\/","title":{"rendered":"\ud83c\udf3fDIA DOS POVOS IND\u00cdGENAS\ud83c\udf3f"},"content":{"rendered":"<p>Hoje vamos elevar nossas vozes em homenagem e gratid\u00e3o aos povos ind\u00edgenas, verdadeiros mestres da sabedoria ancestral e da conviv\u00eancia harmoniosa com a natureza. \ud83c\udf43\ud83c\udf0e<\/p>\n<p>Unamo-nos em apoio a essas comunidades, reconhecendo sua luta e contribui\u00e7\u00e3o essencial para a conserva\u00e7\u00e3o da biodiversidade e a riqueza cultural. Que possamos nos inspirar em sua rela\u00e7\u00e3o respeitosa com o meio ambiente e nos unir em apoio \u00e0s suas lutas, reconhecendo que a preserva\u00e7\u00e3o de suas culturas enriquece toda a humanidade.<\/p>\n<p>Juntos, celebremos a diversidade e trabalhemos por um futuro onde o respeito e a igualdade prevale\u00e7am para todos os povos. \ud83c\udf3f\ud83e\udd1d<\/p>\n","protected":false},"excerpt":{"rendered":"<p>Hoje vamos elevar nossas vozes em homenagem e gratid\u00e3o aos povos ind\u00edgenas, verdadeiros mestres da sabedoria ancestral e da conviv\u00eancia harmoniosa com a natureza. \ud83c\udf43\ud83c\udf0e Unamo-nos em apoio a essas comunidades, reconhecendo sua luta e contribui\u00e7\u00e3o essencial para a conserva\u00e7\u00e3o da biodiversidade e a riqueza cultural. Que possamos nos inspirar em sua rela\u00e7\u00e3o respeitosa com [&hellip;]<\/p>\n","protected":false},"author":6,"featured_media":4561,"comment_status":"open","ping_status":"open","sticky":false,"template":"","format":"standard","meta":{"footnotes":""},"categories":[96],"tags":[450,447,451,446,448,431,433,449,26],"_links":{"self":[{"href":"https:\/\/santuariodeumbanda.com.br\/site\/wp-json\/wp\/v2\/posts\/4563"}],"collection":[{"href":"https:\/\/santuariodeumbanda.com.br\/site\/wp-json\/wp\/v2\/posts"}],"about":[{"href":"https:\/\/santuariodeumbanda.com.br\/site\/wp-json\/wp\/v2\/types\/post"}],"author":[{"embeddable":true,"href":"https:\/\/santuariodeumbanda.com.br\/site\/wp-json\/wp\/v2\/users\/6"}],"replies":[{"embeddable":true,"href":"https:\/\/santuariodeumbanda.com.br\/site\/wp-json\/wp\/v2\/comments?post=4563"}],"version-history":[{"count":1,"href":"https:\/\/santuariodeumbanda.com.br\/site\/wp-json\/wp\/v2\/posts\/4563\/revisions"}],"predecessor-version":[{"id":4564,"href":"https:\/\/santuariodeumbanda.com.br\/site\/wp-json\/wp\/v2\/posts\/4563\/revisions\/4564"}],"wp:featuredmedia":[{"embeddable":true,"href":"https:\/\/santuariodeumbanda.com.br\/site\/wp-json\/wp\/v2\/media\/4561"}],"wp:attachment":[{"href":"https:\/\/santuariodeumbanda.com.br\/site\/wp-json\/wp\/v2\/media?parent=4563"}],"wp:term":[{"taxonomy":"category","embeddable":true,"href":"https:\/\/santuariodeumbanda.com.br\/site\/wp-json\/wp\/v2\/categories?post=4563"},{"taxonomy":"post_tag","embeddable":true,"href":"https:\/\/santuariodeumbanda.com.br\/site\/wp-json\/wp\/v2\/tags?post=4563"}],"curies":[{"name":"wp","href":"https:\/\/api.w.org\/{rel}","templated":true}]}}