{"id":4607,"date":"2024-05-13T14:56:48","date_gmt":"2024-05-13T17:56:48","guid":{"rendered":"https:\/\/santuariodeumbanda.com.br\/site\/?p=4607"},"modified":"2024-05-13T14:56:48","modified_gmt":"2024-05-13T17:56:48","slug":"fugabc-52-anos","status":"publish","type":"post","link":"https:\/\/santuariodeumbanda.com.br\/site\/2024\/05\/13\/fugabc-52-anos\/","title":{"rendered":"FUGABC 52 ANOS"},"content":{"rendered":"<p>13 de maio: Celebramos hoje 52 anos de dedica\u00e7\u00e3o e lideran\u00e7a da Federa\u00e7\u00e3o Umbandista do Grande ABC &#8211; FUGABC.<\/p>\n<p>Nossa funda\u00e7\u00e3o coincide com a homenagem aos nossos respeitados vov\u00f4s e vov\u00f3s pretos velhos, cujas li\u00e7\u00f5es de sabedoria e humildade continuam a iluminar nosso caminho. Desde o in\u00edcio, a FUGABC se destacou por sua vis\u00e3o progressista, reconhecendo a import\u00e2ncia da sustentabilidade ambiental muito antes de ser um tema global.<\/p>\n<p>Em tempos de crescente intoler\u00e2ncia religiosa, exacerbada pelo avan\u00e7o das religi\u00f5es neopentecostais e seu uso controverso dos meios de comunica\u00e7\u00e3o, a FUGABC tem sido uma voz ativa contra o preconceito, promovendo o respeito e a compreens\u00e3o entre diferentes cren\u00e7as.<\/p>\n<p>Ao longo desses 52 anos, nos mantivemos firmes no prop\u00f3sito de inovar, abrir caminhos e ser uma refer\u00eancia de integridade e respeito m\u00fatuo. Continuamos comprometidos com o fortalecimento da Umbanda e do Candombl\u00e9, assegurando que a rica tradi\u00e7\u00e3o espiritual e cultural dessas religi\u00f5es seja honrada e preservada.<\/p>\n<p>Hoje, mais do que nunca, estamos gratos a todos que t\u00eam caminhado conosco. Juntos, avan\u00e7amos em dire\u00e7\u00e3o a um futuro onde a diversidade religiosa \u00e9 n\u00e3o apenas aceita, mas celebrada.<br \/>\nFeliz anivers\u00e1rio, FUGABC! Seguimos fazendo nossa parte, com f\u00e9 e coragem, por muitos anos mais.<\/p>\n","protected":false},"excerpt":{"rendered":"<p>13 de maio: Celebramos hoje 52 anos de dedica\u00e7\u00e3o e lideran\u00e7a da Federa\u00e7\u00e3o Umbandista do Grande ABC &#8211; FUGABC. Nossa funda\u00e7\u00e3o coincide com a homenagem aos nossos respeitados vov\u00f4s e vov\u00f3s pretos velhos, cujas li\u00e7\u00f5es de sabedoria e humildade continuam a iluminar nosso caminho. Desde o in\u00edcio, a FUGABC se destacou por sua vis\u00e3o progressista, [&hellip;]<\/p>\n","protected":false},"author":6,"featured_media":4603,"comment_status":"open","ping_status":"open","sticky":false,"template":"","format":"standard","meta":{"footnotes":""},"categories":[96],"tags":[459,455,499,458,456,431,318,246,162,26],"_links":{"self":[{"href":"https:\/\/santuariodeumbanda.com.br\/site\/wp-json\/wp\/v2\/posts\/4607"}],"collection":[{"href":"https:\/\/santuariodeumbanda.com.br\/site\/wp-json\/wp\/v2\/posts"}],"about":[{"href":"https:\/\/santuariodeumbanda.com.br\/site\/wp-json\/wp\/v2\/types\/post"}],"author":[{"embeddable":true,"href":"https:\/\/santuariodeumbanda.com.br\/site\/wp-json\/wp\/v2\/users\/6"}],"replies":[{"embeddable":true,"href":"https:\/\/santuariodeumbanda.com.br\/site\/wp-json\/wp\/v2\/comments?post=4607"}],"version-history":[{"count":2,"href":"https:\/\/santuariodeumbanda.com.br\/site\/wp-json\/wp\/v2\/posts\/4607\/revisions"}],"predecessor-version":[{"id":4609,"href":"https:\/\/santuariodeumbanda.com.br\/site\/wp-json\/wp\/v2\/posts\/4607\/revisions\/4609"}],"wp:featuredmedia":[{"embeddable":true,"href":"https:\/\/santuariodeumbanda.com.br\/site\/wp-json\/wp\/v2\/media\/4603"}],"wp:attachment":[{"href":"https:\/\/santuariodeumbanda.com.br\/site\/wp-json\/wp\/v2\/media?parent=4607"}],"wp:term":[{"taxonomy":"category","embeddable":true,"href":"https:\/\/santuariodeumbanda.com.br\/site\/wp-json\/wp\/v2\/categories?post=4607"},{"taxonomy":"post_tag","embeddable":true,"href":"https:\/\/santuariodeumbanda.com.br\/site\/wp-json\/wp\/v2\/tags?post=4607"}],"curies":[{"name":"wp","href":"https:\/\/api.w.org\/{rel}","templated":true}]}}