{"id":4610,"date":"2024-05-13T14:58:29","date_gmt":"2024-05-13T17:58:29","guid":{"rendered":"https:\/\/santuariodeumbanda.com.br\/site\/?p=4610"},"modified":"2024-05-13T14:58:29","modified_gmt":"2024-05-13T17:58:29","slug":"%f0%9f%95%8a%ef%b8%8f%f0%9f%96%a4-homenagem-aos-pretos-velhos","status":"publish","type":"post","link":"https:\/\/santuariodeumbanda.com.br\/site\/2024\/05\/13\/%f0%9f%95%8a%ef%b8%8f%f0%9f%96%a4-homenagem-aos-pretos-velhos\/","title":{"rendered":"\ud83d\udd4a\ufe0f\ud83d\udda4 Homenagem aos Pretos Velhos"},"content":{"rendered":"<p>Hoje, no Dia dos Pretos Velhos, rendemos homenagem \u00e0 sabedoria ancestral e \u00e0 humildade desses esp\u00edritos iluminados. Eles nos ensinam sobre a for\u00e7a que surge da adversidade e a import\u00e2ncia de curar com amor e compaix\u00e3o.<\/p>\n<p>Vamos celebrar juntos o legado profundo dos Pretos Velhos, cujas b\u00ean\u00e7\u00e3os e ensinamentos continuam a guiar nossos caminhos e enriquecer nossas vidas.<\/p>\n<p>Que suas palavras de paz e suas hist\u00f3rias de luta nos inspirem a construir um mundo mais justo e amoroso. \ud83d\udcff\ud83d\udcab<\/p>\n<p>Adorei \u00e0s almas!<\/p>\n","protected":false},"excerpt":{"rendered":"<p>Hoje, no Dia dos Pretos Velhos, rendemos homenagem \u00e0 sabedoria ancestral e \u00e0 humildade desses esp\u00edritos iluminados. Eles nos ensinam sobre a for\u00e7a que surge da adversidade e a import\u00e2ncia de curar com amor e compaix\u00e3o. Vamos celebrar juntos o legado profundo dos Pretos Velhos, cujas b\u00ean\u00e7\u00e3os e ensinamentos continuam a guiar nossos caminhos e [&hellip;]<\/p>\n","protected":false},"author":6,"featured_media":4602,"comment_status":"open","ping_status":"open","sticky":false,"template":"","format":"standard","meta":{"footnotes":""},"categories":[96],"tags":[643,641,480,642,431,433,246,336,26],"_links":{"self":[{"href":"https:\/\/santuariodeumbanda.com.br\/site\/wp-json\/wp\/v2\/posts\/4610"}],"collection":[{"href":"https:\/\/santuariodeumbanda.com.br\/site\/wp-json\/wp\/v2\/posts"}],"about":[{"href":"https:\/\/santuariodeumbanda.com.br\/site\/wp-json\/wp\/v2\/types\/post"}],"author":[{"embeddable":true,"href":"https:\/\/santuariodeumbanda.com.br\/site\/wp-json\/wp\/v2\/users\/6"}],"replies":[{"embeddable":true,"href":"https:\/\/santuariodeumbanda.com.br\/site\/wp-json\/wp\/v2\/comments?post=4610"}],"version-history":[{"count":1,"href":"https:\/\/santuariodeumbanda.com.br\/site\/wp-json\/wp\/v2\/posts\/4610\/revisions"}],"predecessor-version":[{"id":4611,"href":"https:\/\/santuariodeumbanda.com.br\/site\/wp-json\/wp\/v2\/posts\/4610\/revisions\/4611"}],"wp:featuredmedia":[{"embeddable":true,"href":"https:\/\/santuariodeumbanda.com.br\/site\/wp-json\/wp\/v2\/media\/4602"}],"wp:attachment":[{"href":"https:\/\/santuariodeumbanda.com.br\/site\/wp-json\/wp\/v2\/media?parent=4610"}],"wp:term":[{"taxonomy":"category","embeddable":true,"href":"https:\/\/santuariodeumbanda.com.br\/site\/wp-json\/wp\/v2\/categories?post=4610"},{"taxonomy":"post_tag","embeddable":true,"href":"https:\/\/santuariodeumbanda.com.br\/site\/wp-json\/wp\/v2\/tags?post=4610"}],"curies":[{"name":"wp","href":"https:\/\/api.w.org\/{rel}","templated":true}]}}