{"id":4805,"date":"2025-01-21T11:24:41","date_gmt":"2025-01-21T14:24:41","guid":{"rendered":"https:\/\/santuariodeumbanda.com.br\/site\/?p=4805"},"modified":"2025-01-21T11:24:41","modified_gmt":"2025-01-21T14:24:41","slug":"dia-nacional-de-combate-a-intolerancia-religiosa-%f0%9f%95%8a%ef%b8%8f","status":"publish","type":"post","link":"https:\/\/santuariodeumbanda.com.br\/site\/2025\/01\/21\/dia-nacional-de-combate-a-intolerancia-religiosa-%f0%9f%95%8a%ef%b8%8f\/","title":{"rendered":"Dia Nacional de Combate \u00e0 Intoler\u00e2ncia Religiosa \ud83d\udd4a\ufe0f"},"content":{"rendered":"<p style=\"font-weight: 400;\">Hoje, 21 de janeiro, reafirmamos nosso compromisso com o respeito e a liberdade religiosa. No Santu\u00e1rio Nacional da Umbanda, valorizamos a diversidade e confirmamos a import\u00e2ncia de cada tradi\u00e7\u00e3o espiritual, promovendo um ambiente de respeito m\u00fatuo.<\/p>\n<p style=\"font-weight: 400;\">A intoler\u00e2ncia religiosa \u00e9 um princ\u00edpio b\u00e1sico dos direitos humanos e impede que muitos vivam sua f\u00e9 livremente. Vamos juntos combater a independ\u00eancia com educa\u00e7\u00e3o, promover o di\u00e1logo entre diferentes cren\u00e7as e celebrar a riqueza cultural que a diversidade religiosa nos oferece.<\/p>\n<p style=\"font-weight: 400;\">Que possam ser exemplos de toler\u00e2ncia, compreens\u00e3o e paz. \ud83d\ude4f\ud83d\udcab<\/p>\n","protected":false},"excerpt":{"rendered":"<p>Hoje, 21 de janeiro, reafirmamos nosso compromisso com o respeito e a liberdade religiosa. No Santu\u00e1rio Nacional da Umbanda, valorizamos a diversidade e confirmamos a import\u00e2ncia de cada tradi\u00e7\u00e3o espiritual, promovendo um ambiente de respeito m\u00fatuo. A intoler\u00e2ncia religiosa \u00e9 um princ\u00edpio b\u00e1sico dos direitos humanos e impede que muitos vivam sua f\u00e9 livremente. Vamos [&hellip;]<\/p>\n","protected":false},"author":6,"featured_media":4803,"comment_status":"open","ping_status":"open","sticky":false,"template":"","format":"standard","meta":{"footnotes":""},"categories":[96],"tags":[691,689,487,478,431,433,690,246,272,26],"_links":{"self":[{"href":"https:\/\/santuariodeumbanda.com.br\/site\/wp-json\/wp\/v2\/posts\/4805"}],"collection":[{"href":"https:\/\/santuariodeumbanda.com.br\/site\/wp-json\/wp\/v2\/posts"}],"about":[{"href":"https:\/\/santuariodeumbanda.com.br\/site\/wp-json\/wp\/v2\/types\/post"}],"author":[{"embeddable":true,"href":"https:\/\/santuariodeumbanda.com.br\/site\/wp-json\/wp\/v2\/users\/6"}],"replies":[{"embeddable":true,"href":"https:\/\/santuariodeumbanda.com.br\/site\/wp-json\/wp\/v2\/comments?post=4805"}],"version-history":[{"count":1,"href":"https:\/\/santuariodeumbanda.com.br\/site\/wp-json\/wp\/v2\/posts\/4805\/revisions"}],"predecessor-version":[{"id":4806,"href":"https:\/\/santuariodeumbanda.com.br\/site\/wp-json\/wp\/v2\/posts\/4805\/revisions\/4806"}],"wp:featuredmedia":[{"embeddable":true,"href":"https:\/\/santuariodeumbanda.com.br\/site\/wp-json\/wp\/v2\/media\/4803"}],"wp:attachment":[{"href":"https:\/\/santuariodeumbanda.com.br\/site\/wp-json\/wp\/v2\/media?parent=4805"}],"wp:term":[{"taxonomy":"category","embeddable":true,"href":"https:\/\/santuariodeumbanda.com.br\/site\/wp-json\/wp\/v2\/categories?post=4805"},{"taxonomy":"post_tag","embeddable":true,"href":"https:\/\/santuariodeumbanda.com.br\/site\/wp-json\/wp\/v2\/tags?post=4805"}],"curies":[{"name":"wp","href":"https:\/\/api.w.org\/{rel}","templated":true}]}}