{"id":4862,"date":"2025-04-20T02:02:42","date_gmt":"2025-04-20T05:02:42","guid":{"rendered":"https:\/\/santuariodeumbanda.com.br\/site\/?p=4862"},"modified":"2025-04-20T02:03:14","modified_gmt":"2025-04-20T05:03:14","slug":"%f0%9f%aa%b6-19-de-abril-dia-dos-povos-indigenas-%f0%9f%aa%b6","status":"publish","type":"post","link":"https:\/\/santuariodeumbanda.com.br\/site\/2025\/04\/20\/%f0%9f%aa%b6-19-de-abril-dia-dos-povos-indigenas-%f0%9f%aa%b6\/","title":{"rendered":"\ud83e\udeb6 19 DE ABRIL &#8211; DIA DOS POVOS IND\u00cdGENAS \ud83e\udeb6"},"content":{"rendered":"<p style=\"font-weight: 400;\">Neste Dia dos Povos Ind\u00edgenas, celebramos a riqueza cultural, a sabedoria ancestral e a profunda conex\u00e3o com a natureza dos primeiros habitantes desta terra.<\/p>\n<p style=\"font-weight: 400;\">Eles s\u00e3o os guardi\u00f5es de tradi\u00e7\u00f5es que enriquecem nossa cultura e nos ensinam o respeito pela M\u00e3e Terra e todos os seus seres. Suas lutas por direitos e reconhecimento s\u00e3o um lembrete constante da necessidade de justi\u00e7a e respeito pelas diversas culturas que formam o nosso pa\u00eds.<\/p>\n<p style=\"font-weight: 400;\">Que possamos aprender com sua resili\u00eancia e espiritualidade, e que a celebra\u00e7\u00e3o de hoje reforce o compromisso de todos n\u00f3s com a preserva\u00e7\u00e3o de suas terras e culturas.<\/p>\n","protected":false},"excerpt":{"rendered":"<p>Neste Dia dos Povos Ind\u00edgenas, celebramos a riqueza cultural, a sabedoria ancestral e a profunda conex\u00e3o com a natureza dos primeiros habitantes desta terra. Eles s\u00e3o os guardi\u00f5es de tradi\u00e7\u00f5es que enriquecem nossa cultura e nos ensinam o respeito pela M\u00e3e Terra e todos os seus seres. Suas lutas por direitos e reconhecimento s\u00e3o um [&hellip;]<\/p>\n","protected":false},"author":6,"featured_media":4858,"comment_status":"open","ping_status":"open","sticky":false,"template":"","format":"standard","meta":{"footnotes":""},"categories":[96],"tags":[450,447,705,446,448,431,433,449,26],"_links":{"self":[{"href":"https:\/\/santuariodeumbanda.com.br\/site\/wp-json\/wp\/v2\/posts\/4862"}],"collection":[{"href":"https:\/\/santuariodeumbanda.com.br\/site\/wp-json\/wp\/v2\/posts"}],"about":[{"href":"https:\/\/santuariodeumbanda.com.br\/site\/wp-json\/wp\/v2\/types\/post"}],"author":[{"embeddable":true,"href":"https:\/\/santuariodeumbanda.com.br\/site\/wp-json\/wp\/v2\/users\/6"}],"replies":[{"embeddable":true,"href":"https:\/\/santuariodeumbanda.com.br\/site\/wp-json\/wp\/v2\/comments?post=4862"}],"version-history":[{"count":1,"href":"https:\/\/santuariodeumbanda.com.br\/site\/wp-json\/wp\/v2\/posts\/4862\/revisions"}],"predecessor-version":[{"id":4863,"href":"https:\/\/santuariodeumbanda.com.br\/site\/wp-json\/wp\/v2\/posts\/4862\/revisions\/4863"}],"wp:featuredmedia":[{"embeddable":true,"href":"https:\/\/santuariodeumbanda.com.br\/site\/wp-json\/wp\/v2\/media\/4858"}],"wp:attachment":[{"href":"https:\/\/santuariodeumbanda.com.br\/site\/wp-json\/wp\/v2\/media?parent=4862"}],"wp:term":[{"taxonomy":"category","embeddable":true,"href":"https:\/\/santuariodeumbanda.com.br\/site\/wp-json\/wp\/v2\/categories?post=4862"},{"taxonomy":"post_tag","embeddable":true,"href":"https:\/\/santuariodeumbanda.com.br\/site\/wp-json\/wp\/v2\/tags?post=4862"}],"curies":[{"name":"wp","href":"https:\/\/api.w.org\/{rel}","templated":true}]}}