{"id":4900,"date":"2025-06-05T20:03:34","date_gmt":"2025-06-05T23:03:34","guid":{"rendered":"https:\/\/santuariodeumbanda.com.br\/site\/?p=4900"},"modified":"2025-06-05T20:03:34","modified_gmt":"2025-06-05T23:03:34","slug":"%f0%9f%8c%b1%f0%9f%8c%8d-05-de-junho-dia-mundial-do-meio-ambiente","status":"publish","type":"post","link":"https:\/\/santuariodeumbanda.com.br\/site\/2025\/06\/05\/%f0%9f%8c%b1%f0%9f%8c%8d-05-de-junho-dia-mundial-do-meio-ambiente\/","title":{"rendered":"\ud83c\udf31\ud83c\udf0d 05 de junho \u2014 Dia Mundial do Meio Ambiente"},"content":{"rendered":"<p style=\"font-weight: 400;\">Neste Dia Mundial do Meio Ambiente, refor\u00e7amos nosso compromisso com a preserva\u00e7\u00e3o da natureza e com o cuidado que nosso planeta tanto precisa. No Santu\u00e1rio Nacional da Umbanda, cada atitude conta, e convidamos todos a refletirem sobre como podem colaborar com esse prop\u00f3sito.<\/p>\n<p style=\"font-weight: 400;\">\u2728 Veja algumas pr\u00e1ticas que fazem a diferen\u00e7a:<\/p>\n<ul>\n<li style=\"font-weight: 400;\">\u2060 \u2060Oferendas conscientes: Prefira materiais biodegrad\u00e1veis como barro, folhas e flores naturais, sempre sem embalagens pl\u00e1sticas ou frascos.<\/li>\n<li style=\"font-weight: 400;\">\u2060 \u2060Cuide das matas: \u00c9 proibido arrancar plantas! As matas s\u00e3o sagradas e precisam ser respeitadas.<\/li>\n<li style=\"font-weight: 400;\">\u2060 \u2060Descarte correto do lixo: Utilize as lixeiras espalhadas pelo Santu\u00e1rio. Pequenos gestos preservam grandes espa\u00e7os.<\/li>\n<li style=\"font-weight: 400;\">\u2060 \u2060Velas nos locais adequados: Acenda suas velas apenas nos veleiros. Isso evita riscos de inc\u00eandio e preserva a seguran\u00e7a de todos.<\/li>\n<\/ul>\n<p style=\"font-weight: 400;\">\ud83c\udf3f Nosso espa\u00e7o \u00e9 sagrado. Vamos mant\u00ea-lo limpo, seguro e vibrando boas energias.<\/p>\n<p style=\"font-weight: 400;\">Fa\u00e7a sua parte! O planeta agradece \u2014 e os Orix\u00e1s tamb\u00e9m. \ud83c\udf0e\u2728<\/p>\n","protected":false},"excerpt":{"rendered":"<p>Neste Dia Mundial do Meio Ambiente, refor\u00e7amos nosso compromisso com a preserva\u00e7\u00e3o da natureza e com o cuidado que nosso planeta tanto precisa. No Santu\u00e1rio Nacional da Umbanda, cada atitude conta, e convidamos todos a refletirem sobre como podem colaborar com esse prop\u00f3sito. \u2728 Veja algumas pr\u00e1ticas que fazem a diferen\u00e7a: \u2060 \u2060Oferendas conscientes: Prefira [&hellip;]<\/p>\n","protected":false},"author":6,"featured_media":4898,"comment_status":"open","ping_status":"open","sticky":false,"template":"","format":"standard","meta":{"footnotes":""},"categories":[96],"tags":[647,649,646,597,431,433,648,26],"_links":{"self":[{"href":"https:\/\/santuariodeumbanda.com.br\/site\/wp-json\/wp\/v2\/posts\/4900"}],"collection":[{"href":"https:\/\/santuariodeumbanda.com.br\/site\/wp-json\/wp\/v2\/posts"}],"about":[{"href":"https:\/\/santuariodeumbanda.com.br\/site\/wp-json\/wp\/v2\/types\/post"}],"author":[{"embeddable":true,"href":"https:\/\/santuariodeumbanda.com.br\/site\/wp-json\/wp\/v2\/users\/6"}],"replies":[{"embeddable":true,"href":"https:\/\/santuariodeumbanda.com.br\/site\/wp-json\/wp\/v2\/comments?post=4900"}],"version-history":[{"count":1,"href":"https:\/\/santuariodeumbanda.com.br\/site\/wp-json\/wp\/v2\/posts\/4900\/revisions"}],"predecessor-version":[{"id":4901,"href":"https:\/\/santuariodeumbanda.com.br\/site\/wp-json\/wp\/v2\/posts\/4900\/revisions\/4901"}],"wp:featuredmedia":[{"embeddable":true,"href":"https:\/\/santuariodeumbanda.com.br\/site\/wp-json\/wp\/v2\/media\/4898"}],"wp:attachment":[{"href":"https:\/\/santuariodeumbanda.com.br\/site\/wp-json\/wp\/v2\/media?parent=4900"}],"wp:term":[{"taxonomy":"category","embeddable":true,"href":"https:\/\/santuariodeumbanda.com.br\/site\/wp-json\/wp\/v2\/categories?post=4900"},{"taxonomy":"post_tag","embeddable":true,"href":"https:\/\/santuariodeumbanda.com.br\/site\/wp-json\/wp\/v2\/tags?post=4900"}],"curies":[{"name":"wp","href":"https:\/\/api.w.org\/{rel}","templated":true}]}}